{"id":993,"date":"2026-03-31T14:09:45","date_gmt":"2026-03-31T12:09:45","guid":{"rendered":"http:\/\/hessischer-maerchentag.de\/?p=993"},"modified":"2026-03-31T14:09:45","modified_gmt":"2026-03-31T12:09:45","slug":"unsere-kunstschaffenden-im-jahr-2026","status":"publish","type":"post","link":"http:\/\/hessischer-maerchentag.de\/?p=993","title":{"rendered":"Unsere Kunstschaffenden im Jahr 2026"},"content":{"rendered":"\n<p>Nach dem M\u00e4rchentag ist vor dem M\u00e4rchentag: Der 26. Hessische M\u00e4rchentag findet am 14.05.26 (wie immer an Christi Himmelfahrt) auf der Wi\u00dfmarer Festwiese von 11 bis 17 Uhr statt und wie immer k\u00f6nnen sich gro\u00dfe und kleine Besuchende auf ein buntes, m\u00e4rchenhaftes Programm freuen.<\/p>\n\n\n\n<p>F\u00fcr den M\u00e4rchentag 2026 konnten folgende K\u00fcnstler*innen gewonnen werden:<\/p>\n\n\n\n<ul class=\"wp-block-list\">\n<li>Zazou Movement <\/li>\n\n\n\n<li>Papiertheater &#8222;Kleine Auszeit&#8220;<\/li>\n\n\n\n<li>Die Luftgaukler<\/li>\n\n\n\n<li>M\u00e4rchenb\u00fchne Karlheinz Schudt und Rita Maria Fr\u00f6hle<\/li>\n\n\n\n<li>L&#8217;una Theater<\/li>\n\n\n\n<li>Wettenberger Sammelsurium e. V. <\/li>\n\n\n\n<li>Kinderliedermacher Thomas Koppe<\/li>\n\n\n\n<li>Bubble Zauber<\/li>\n\n\n\n<li>Kasia Balou<\/li>\n\n\n\n<li>COLORI Events<\/li>\n\n\n\n<li>M\u00e4rchenland Events<\/li>\n\n\n\n<li>Pferdesportfreunde Wettenberg e. V. <\/li>\n<\/ul>\n\n\n\n<p><\/p>\n\n\n\n<p><\/p>\n","protected":false},"excerpt":{"rendered":"<p>Nach dem M\u00e4rchentag ist vor dem M\u00e4rchentag: Der 26. Hessische M\u00e4rchentag findet am 14.05.26 (wie immer an Christi Himmelfahrt) auf der Wi\u00dfmarer Festwiese von 11 bis 17 Uhr statt und wie immer k\u00f6nnen sich gro\u00dfe und kleine Besuchende auf ein [&hellip;]<\/p>\n","protected":false},"author":5,"featured_media":0,"comment_status":"open","ping_status":"open","sticky":false,"template":"","format":"standard","meta":{"footnotes":""},"categories":[1],"tags":[],"class_list":["post-993","post","type-post","status-publish","format-standard","hentry","category-partner"],"_links":{"self":[{"href":"http:\/\/hessischer-maerchentag.de\/index.php?rest_route=\/wp\/v2\/posts\/993","targetHints":{"allow":["GET"]}}],"collection":[{"href":"http:\/\/hessischer-maerchentag.de\/index.php?rest_route=\/wp\/v2\/posts"}],"about":[{"href":"http:\/\/hessischer-maerchentag.de\/index.php?rest_route=\/wp\/v2\/types\/post"}],"author":[{"embeddable":true,"href":"http:\/\/hessischer-maerchentag.de\/index.php?rest_route=\/wp\/v2\/users\/5"}],"replies":[{"embeddable":true,"href":"http:\/\/hessischer-maerchentag.de\/index.php?rest_route=%2Fwp%2Fv2%2Fcomments&post=993"}],"version-history":[{"count":4,"href":"http:\/\/hessischer-maerchentag.de\/index.php?rest_route=\/wp\/v2\/posts\/993\/revisions"}],"predecessor-version":[{"id":1014,"href":"http:\/\/hessischer-maerchentag.de\/index.php?rest_route=\/wp\/v2\/posts\/993\/revisions\/1014"}],"wp:attachment":[{"href":"http:\/\/hessischer-maerchentag.de\/index.php?rest_route=%2Fwp%2Fv2%2Fmedia&parent=993"}],"wp:term":[{"taxonomy":"category","embeddable":true,"href":"http:\/\/hessischer-maerchentag.de\/index.php?rest_route=%2Fwp%2Fv2%2Fcategories&post=993"},{"taxonomy":"post_tag","embeddable":true,"href":"http:\/\/hessischer-maerchentag.de\/index.php?rest_route=%2Fwp%2Fv2%2Ftags&post=993"}],"curies":[{"name":"wp","href":"https:\/\/api.w.org\/{rel}","templated":true}]}}