{"id":976,"date":"2025-07-16T13:11:45","date_gmt":"2025-07-16T11:11:45","guid":{"rendered":"http:\/\/hessischer-maerchentag.de\/?p=976"},"modified":"2025-07-16T13:11:45","modified_gmt":"2025-07-16T11:11:45","slug":"unsere-kunstschaffenden-im-jahr-2025","status":"publish","type":"post","link":"http:\/\/hessischer-maerchentag.de\/?p=976","title":{"rendered":"Unsere Kunstschaffenden im Jahr 2025"},"content":{"rendered":"\n<ul class=\"wp-block-list\">\n<li>L\u2019una Theater<\/li>\n\n\n\n<li>Kasia Balou<\/li>\n\n\n\n<li>Wettenberger Sammelsurium<\/li>\n\n\n\n<li>Pinserella\/Funny Faces<\/li>\n\n\n\n<li>Papiertheater &#8222;Kleine Auszeit&#8220;<\/li>\n\n\n\n<li>Kinderliedermacher Thomas Koppe<\/li>\n\n\n\n<li>Die Luftgaukler<\/li>\n\n\n\n<li>M\u00e4rchenland Events <\/li>\n\n\n\n<li>M\u00e4rchenb\u00fchne Karlheinz Schudt und Rita Maria Fr\u00f6hle<\/li>\n\n\n\n<li>Pferdesportfreunde Wettenberg e. V.<\/li>\n\n\n\n<li>Bubble Zauber\u00a0<\/li>\n\n\n\n<li>Zazou Movement<\/li>\n<\/ul>\n\n\n\n<figure class=\"wp-block-gallery has-nested-images columns-default is-cropped wp-block-gallery-1 is-layout-flex wp-block-gallery-is-layout-flex\">\n<figure class=\"wp-block-image size-large\"><a href=\"http:\/\/hessischer-maerchentag.de\/wp-content\/uploads\/2025\/07\/H67A1975-1-scaled.jpg\"><img loading=\"lazy\" decoding=\"async\" width=\"1024\" height=\"683\" data-id=\"982\" src=\"http:\/\/hessischer-maerchentag.de\/wp-content\/uploads\/2025\/07\/H67A1975-1-1024x683.jpg\" alt=\"\" class=\"wp-image-982\" srcset=\"http:\/\/hessischer-maerchentag.de\/wp-content\/uploads\/2025\/07\/H67A1975-1-1024x683.jpg 1024w, http:\/\/hessischer-maerchentag.de\/wp-content\/uploads\/2025\/07\/H67A1975-1-300x200.jpg 300w, http:\/\/hessischer-maerchentag.de\/wp-content\/uploads\/2025\/07\/H67A1975-1-768x512.jpg 768w, http:\/\/hessischer-maerchentag.de\/wp-content\/uploads\/2025\/07\/H67A1975-1-1536x1024.jpg 1536w, http:\/\/hessischer-maerchentag.de\/wp-content\/uploads\/2025\/07\/H67A1975-1-2048x1365.jpg 2048w\" sizes=\"auto, (max-width: 1024px) 100vw, 1024px\" \/><\/a><\/figure>\n\n\n\n<figure class=\"wp-block-image size-large\"><a href=\"http:\/\/hessischer-maerchentag.de\/wp-content\/uploads\/2025\/07\/H67A2047-1-scaled.jpg\"><img loading=\"lazy\" decoding=\"async\" width=\"683\" height=\"1024\" data-id=\"978\" src=\"http:\/\/hessischer-maerchentag.de\/wp-content\/uploads\/2025\/07\/H67A2047-1-683x1024.jpg\" alt=\"\" class=\"wp-image-978\" srcset=\"http:\/\/hessischer-maerchentag.de\/wp-content\/uploads\/2025\/07\/H67A2047-1-683x1024.jpg 683w, http:\/\/hessischer-maerchentag.de\/wp-content\/uploads\/2025\/07\/H67A2047-1-200x300.jpg 200w, http:\/\/hessischer-maerchentag.de\/wp-content\/uploads\/2025\/07\/H67A2047-1-768x1152.jpg 768w, http:\/\/hessischer-maerchentag.de\/wp-content\/uploads\/2025\/07\/H67A2047-1-1024x1536.jpg 1024w, http:\/\/hessischer-maerchentag.de\/wp-content\/uploads\/2025\/07\/H67A2047-1-1365x2048.jpg 1365w, http:\/\/hessischer-maerchentag.de\/wp-content\/uploads\/2025\/07\/H67A2047-1-scaled.jpg 1707w\" sizes=\"auto, (max-width: 683px) 100vw, 683px\" \/><\/a><\/figure>\n\n\n\n<figure class=\"wp-block-image size-large\"><a href=\"http:\/\/hessischer-maerchentag.de\/wp-content\/uploads\/2025\/07\/IMG_5801-1-scaled.jpg\"><img loading=\"lazy\" decoding=\"async\" width=\"1024\" height=\"683\" data-id=\"981\" src=\"http:\/\/hessischer-maerchentag.de\/wp-content\/uploads\/2025\/07\/IMG_5801-1-1024x683.jpg\" alt=\"\" class=\"wp-image-981\" srcset=\"http:\/\/hessischer-maerchentag.de\/wp-content\/uploads\/2025\/07\/IMG_5801-1-1024x683.jpg 1024w, http:\/\/hessischer-maerchentag.de\/wp-content\/uploads\/2025\/07\/IMG_5801-1-300x200.jpg 300w, http:\/\/hessischer-maerchentag.de\/wp-content\/uploads\/2025\/07\/IMG_5801-1-768x512.jpg 768w, http:\/\/hessischer-maerchentag.de\/wp-content\/uploads\/2025\/07\/IMG_5801-1-1536x1024.jpg 1536w, http:\/\/hessischer-maerchentag.de\/wp-content\/uploads\/2025\/07\/IMG_5801-1-2048x1365.jpg 2048w\" sizes=\"auto, (max-width: 1024px) 100vw, 1024px\" \/><\/a><\/figure>\n\n\n\n<figure class=\"wp-block-image size-large\"><a href=\"http:\/\/hessischer-maerchentag.de\/wp-content\/uploads\/2025\/07\/H67A1655-1-scaled.jpg\"><img loading=\"lazy\" decoding=\"async\" width=\"683\" height=\"1024\" data-id=\"983\" src=\"http:\/\/hessischer-maerchentag.de\/wp-content\/uploads\/2025\/07\/H67A1655-1-683x1024.jpg\" alt=\"\" class=\"wp-image-983\" srcset=\"http:\/\/hessischer-maerchentag.de\/wp-content\/uploads\/2025\/07\/H67A1655-1-683x1024.jpg 683w, http:\/\/hessischer-maerchentag.de\/wp-content\/uploads\/2025\/07\/H67A1655-1-200x300.jpg 200w, http:\/\/hessischer-maerchentag.de\/wp-content\/uploads\/2025\/07\/H67A1655-1-768x1152.jpg 768w, http:\/\/hessischer-maerchentag.de\/wp-content\/uploads\/2025\/07\/H67A1655-1-1024x1536.jpg 1024w, http:\/\/hessischer-maerchentag.de\/wp-content\/uploads\/2025\/07\/H67A1655-1-1365x2048.jpg 1365w, http:\/\/hessischer-maerchentag.de\/wp-content\/uploads\/2025\/07\/H67A1655-1-scaled.jpg 1707w\" sizes=\"auto, (max-width: 683px) 100vw, 683px\" \/><\/a><\/figure>\n\n\n\n<figure class=\"wp-block-image size-large\"><a href=\"http:\/\/hessischer-maerchentag.de\/wp-content\/uploads\/2025\/07\/H67A2037-1-scaled.jpg\"><img loading=\"lazy\" decoding=\"async\" width=\"1024\" height=\"683\" data-id=\"980\" src=\"http:\/\/hessischer-maerchentag.de\/wp-content\/uploads\/2025\/07\/H67A2037-1-1024x683.jpg\" alt=\"\" class=\"wp-image-980\" srcset=\"http:\/\/hessischer-maerchentag.de\/wp-content\/uploads\/2025\/07\/H67A2037-1-1024x683.jpg 1024w, http:\/\/hessischer-maerchentag.de\/wp-content\/uploads\/2025\/07\/H67A2037-1-300x200.jpg 300w, http:\/\/hessischer-maerchentag.de\/wp-content\/uploads\/2025\/07\/H67A2037-1-768x512.jpg 768w, http:\/\/hessischer-maerchentag.de\/wp-content\/uploads\/2025\/07\/H67A2037-1-1536x1024.jpg 1536w, http:\/\/hessischer-maerchentag.de\/wp-content\/uploads\/2025\/07\/H67A2037-1-2048x1365.jpg 2048w\" sizes=\"auto, (max-width: 1024px) 100vw, 1024px\" \/><\/a><\/figure>\n\n\n\n<figure class=\"wp-block-image size-large\"><a href=\"http:\/\/hessischer-maerchentag.de\/wp-content\/uploads\/2025\/07\/H67A1531-1-scaled.jpg\"><img loading=\"lazy\" decoding=\"async\" width=\"1024\" height=\"683\" data-id=\"988\" src=\"http:\/\/hessischer-maerchentag.de\/wp-content\/uploads\/2025\/07\/H67A1531-1-1024x683.jpg\" alt=\"\" class=\"wp-image-988\" srcset=\"http:\/\/hessischer-maerchentag.de\/wp-content\/uploads\/2025\/07\/H67A1531-1-1024x683.jpg 1024w, http:\/\/hessischer-maerchentag.de\/wp-content\/uploads\/2025\/07\/H67A1531-1-300x200.jpg 300w, http:\/\/hessischer-maerchentag.de\/wp-content\/uploads\/2025\/07\/H67A1531-1-768x512.jpg 768w, http:\/\/hessischer-maerchentag.de\/wp-content\/uploads\/2025\/07\/H67A1531-1-1536x1024.jpg 1536w, http:\/\/hessischer-maerchentag.de\/wp-content\/uploads\/2025\/07\/H67A1531-1-2048x1365.jpg 2048w\" sizes=\"auto, (max-width: 1024px) 100vw, 1024px\" \/><\/a><\/figure>\n\n\n\n<figure class=\"wp-block-image size-large\"><a href=\"http:\/\/hessischer-maerchentag.de\/wp-content\/uploads\/2025\/07\/H67A1636-1-scaled.jpg\"><img loading=\"lazy\" decoding=\"async\" width=\"683\" height=\"1024\" data-id=\"984\" src=\"http:\/\/hessischer-maerchentag.de\/wp-content\/uploads\/2025\/07\/H67A1636-1-683x1024.jpg\" alt=\"\" class=\"wp-image-984\" srcset=\"http:\/\/hessischer-maerchentag.de\/wp-content\/uploads\/2025\/07\/H67A1636-1-683x1024.jpg 683w, http:\/\/hessischer-maerchentag.de\/wp-content\/uploads\/2025\/07\/H67A1636-1-200x300.jpg 200w, http:\/\/hessischer-maerchentag.de\/wp-content\/uploads\/2025\/07\/H67A1636-1-768x1152.jpg 768w, http:\/\/hessischer-maerchentag.de\/wp-content\/uploads\/2025\/07\/H67A1636-1-1024x1536.jpg 1024w, http:\/\/hessischer-maerchentag.de\/wp-content\/uploads\/2025\/07\/H67A1636-1-1365x2048.jpg 1365w, http:\/\/hessischer-maerchentag.de\/wp-content\/uploads\/2025\/07\/H67A1636-1-scaled.jpg 1707w\" sizes=\"auto, (max-width: 683px) 100vw, 683px\" \/><\/a><\/figure>\n\n\n\n<figure class=\"wp-block-image size-large\"><a href=\"http:\/\/hessischer-maerchentag.de\/wp-content\/uploads\/2025\/07\/H67A1625-1-scaled.jpg\"><img loading=\"lazy\" decoding=\"async\" width=\"683\" height=\"1024\" data-id=\"986\" src=\"http:\/\/hessischer-maerchentag.de\/wp-content\/uploads\/2025\/07\/H67A1625-1-683x1024.jpg\" alt=\"\" class=\"wp-image-986\" srcset=\"http:\/\/hessischer-maerchentag.de\/wp-content\/uploads\/2025\/07\/H67A1625-1-683x1024.jpg 683w, http:\/\/hessischer-maerchentag.de\/wp-content\/uploads\/2025\/07\/H67A1625-1-200x300.jpg 200w, http:\/\/hessischer-maerchentag.de\/wp-content\/uploads\/2025\/07\/H67A1625-1-768x1152.jpg 768w, http:\/\/hessischer-maerchentag.de\/wp-content\/uploads\/2025\/07\/H67A1625-1-1024x1536.jpg 1024w, http:\/\/hessischer-maerchentag.de\/wp-content\/uploads\/2025\/07\/H67A1625-1-1365x2048.jpg 1365w, http:\/\/hessischer-maerchentag.de\/wp-content\/uploads\/2025\/07\/H67A1625-1-scaled.jpg 1707w\" sizes=\"auto, (max-width: 683px) 100vw, 683px\" \/><\/a><\/figure>\n\n\n\n<figure class=\"wp-block-image size-large\"><a href=\"http:\/\/hessischer-maerchentag.de\/wp-content\/uploads\/2025\/07\/H67A1553-1-scaled.jpg\"><img loading=\"lazy\" decoding=\"async\" width=\"683\" height=\"1024\" data-id=\"987\" src=\"http:\/\/hessischer-maerchentag.de\/wp-content\/uploads\/2025\/07\/H67A1553-1-683x1024.jpg\" alt=\"\" class=\"wp-image-987\" srcset=\"http:\/\/hessischer-maerchentag.de\/wp-content\/uploads\/2025\/07\/H67A1553-1-683x1024.jpg 683w, http:\/\/hessischer-maerchentag.de\/wp-content\/uploads\/2025\/07\/H67A1553-1-200x300.jpg 200w, http:\/\/hessischer-maerchentag.de\/wp-content\/uploads\/2025\/07\/H67A1553-1-768x1152.jpg 768w, http:\/\/hessischer-maerchentag.de\/wp-content\/uploads\/2025\/07\/H67A1553-1-1024x1536.jpg 1024w, http:\/\/hessischer-maerchentag.de\/wp-content\/uploads\/2025\/07\/H67A1553-1-1365x2048.jpg 1365w, http:\/\/hessischer-maerchentag.de\/wp-content\/uploads\/2025\/07\/H67A1553-1-scaled.jpg 1707w\" sizes=\"auto, (max-width: 683px) 100vw, 683px\" \/><\/a><\/figure>\n\n\n\n<figure class=\"wp-block-image size-large\"><a href=\"http:\/\/hessischer-maerchentag.de\/wp-content\/uploads\/2025\/07\/H67A1600-1-scaled.jpg\"><img loading=\"lazy\" decoding=\"async\" width=\"683\" height=\"1024\" data-id=\"985\" src=\"http:\/\/hessischer-maerchentag.de\/wp-content\/uploads\/2025\/07\/H67A1600-1-683x1024.jpg\" alt=\"\" class=\"wp-image-985\" srcset=\"http:\/\/hessischer-maerchentag.de\/wp-content\/uploads\/2025\/07\/H67A1600-1-683x1024.jpg 683w, http:\/\/hessischer-maerchentag.de\/wp-content\/uploads\/2025\/07\/H67A1600-1-200x300.jpg 200w, http:\/\/hessischer-maerchentag.de\/wp-content\/uploads\/2025\/07\/H67A1600-1-768x1152.jpg 768w, http:\/\/hessischer-maerchentag.de\/wp-content\/uploads\/2025\/07\/H67A1600-1-1024x1536.jpg 1024w, http:\/\/hessischer-maerchentag.de\/wp-content\/uploads\/2025\/07\/H67A1600-1-1365x2048.jpg 1365w, http:\/\/hessischer-maerchentag.de\/wp-content\/uploads\/2025\/07\/H67A1600-1-scaled.jpg 1707w\" sizes=\"auto, (max-width: 683px) 100vw, 683px\" \/><\/a><\/figure>\n\n\n\n<figure class=\"wp-block-image size-large\"><a href=\"http:\/\/hessischer-maerchentag.de\/wp-content\/uploads\/2025\/07\/H67A1957-1-scaled.jpg\"><img loading=\"lazy\" decoding=\"async\" width=\"1024\" height=\"683\" data-id=\"977\" src=\"http:\/\/hessischer-maerchentag.de\/wp-content\/uploads\/2025\/07\/H67A1957-1-1024x683.jpg\" alt=\"\" class=\"wp-image-977\" srcset=\"http:\/\/hessischer-maerchentag.de\/wp-content\/uploads\/2025\/07\/H67A1957-1-1024x683.jpg 1024w, http:\/\/hessischer-maerchentag.de\/wp-content\/uploads\/2025\/07\/H67A1957-1-300x200.jpg 300w, http:\/\/hessischer-maerchentag.de\/wp-content\/uploads\/2025\/07\/H67A1957-1-768x512.jpg 768w, http:\/\/hessischer-maerchentag.de\/wp-content\/uploads\/2025\/07\/H67A1957-1-1536x1024.jpg 1536w, http:\/\/hessischer-maerchentag.de\/wp-content\/uploads\/2025\/07\/H67A1957-1-2048x1365.jpg 2048w\" sizes=\"auto, (max-width: 1024px) 100vw, 1024px\" \/><\/a><\/figure>\n\n\n\n<figure class=\"wp-block-image size-large\"><a href=\"http:\/\/hessischer-maerchentag.de\/wp-content\/uploads\/2025\/07\/H67A1695-1-scaled.jpg\"><img loading=\"lazy\" decoding=\"async\" width=\"683\" height=\"1024\" data-id=\"979\" src=\"http:\/\/hessischer-maerchentag.de\/wp-content\/uploads\/2025\/07\/H67A1695-1-683x1024.jpg\" alt=\"\" class=\"wp-image-979\" srcset=\"http:\/\/hessischer-maerchentag.de\/wp-content\/uploads\/2025\/07\/H67A1695-1-683x1024.jpg 683w, http:\/\/hessischer-maerchentag.de\/wp-content\/uploads\/2025\/07\/H67A1695-1-200x300.jpg 200w, http:\/\/hessischer-maerchentag.de\/wp-content\/uploads\/2025\/07\/H67A1695-1-768x1152.jpg 768w, http:\/\/hessischer-maerchentag.de\/wp-content\/uploads\/2025\/07\/H67A1695-1-1024x1536.jpg 1024w, http:\/\/hessischer-maerchentag.de\/wp-content\/uploads\/2025\/07\/H67A1695-1-1365x2048.jpg 1365w, http:\/\/hessischer-maerchentag.de\/wp-content\/uploads\/2025\/07\/H67A1695-1-scaled.jpg 1707w\" sizes=\"auto, (max-width: 683px) 100vw, 683px\" \/><\/a><\/figure>\n<\/figure>\n","protected":false},"excerpt":{"rendered":"","protected":false},"author":5,"featured_media":0,"comment_status":"open","ping_status":"open","sticky":false,"template":"","format":"standard","meta":{"footnotes":""},"categories":[1],"tags":[],"class_list":["post-976","post","type-post","status-publish","format-standard","hentry","category-partner"],"_links":{"self":[{"href":"http:\/\/hessischer-maerchentag.de\/index.php?rest_route=\/wp\/v2\/posts\/976","targetHints":{"allow":["GET"]}}],"collection":[{"href":"http:\/\/hessischer-maerchentag.de\/index.php?rest_route=\/wp\/v2\/posts"}],"about":[{"href":"http:\/\/hessischer-maerchentag.de\/index.php?rest_route=\/wp\/v2\/types\/post"}],"author":[{"embeddable":true,"href":"http:\/\/hessischer-maerchentag.de\/index.php?rest_route=\/wp\/v2\/users\/5"}],"replies":[{"embeddable":true,"href":"http:\/\/hessischer-maerchentag.de\/index.php?rest_route=%2Fwp%2Fv2%2Fcomments&post=976"}],"version-history":[{"count":1,"href":"http:\/\/hessischer-maerchentag.de\/index.php?rest_route=\/wp\/v2\/posts\/976\/revisions"}],"predecessor-version":[{"id":989,"href":"http:\/\/hessischer-maerchentag.de\/index.php?rest_route=\/wp\/v2\/posts\/976\/revisions\/989"}],"wp:attachment":[{"href":"http:\/\/hessischer-maerchentag.de\/index.php?rest_route=%2Fwp%2Fv2%2Fmedia&parent=976"}],"wp:term":[{"taxonomy":"category","embeddable":true,"href":"http:\/\/hessischer-maerchentag.de\/index.php?rest_route=%2Fwp%2Fv2%2Fcategories&post=976"},{"taxonomy":"post_tag","embeddable":true,"href":"http:\/\/hessischer-maerchentag.de\/index.php?rest_route=%2Fwp%2Fv2%2Ftags&post=976"}],"curies":[{"name":"wp","href":"https:\/\/api.w.org\/{rel}","templated":true}]}}