{"id":896,"date":"2025-04-01T09:49:38","date_gmt":"2025-04-01T07:49:38","guid":{"rendered":"http:\/\/hessischer-maerchentag.de\/?p=896"},"modified":"2025-04-02T13:19:23","modified_gmt":"2025-04-02T11:19:23","slug":"unsere-partner-im-jahr-2024","status":"publish","type":"post","link":"http:\/\/hessischer-maerchentag.de\/?p=896","title":{"rendered":"Unsere Kunstschaffenden im Jahr 2024"},"content":{"rendered":"\n<ul class=\"wp-block-list\">\n<li>L&#8217;una Theater<\/li>\n\n\n\n<li>Kasia Balou<\/li>\n\n\n\n<li>Wettenberger Sammelsurium<\/li>\n\n\n\n<li>Pinserella\/Funny Faces<\/li>\n\n\n\n<li>TriTra Puppentheater<\/li>\n\n\n\n<li>Kinderliedermacher Thomas Koppe<\/li>\n\n\n\n<li>Angel Gabriel<\/li>\n\n\n\n<li>Trollfrau Kiranaya<\/li>\n\n\n\n<li>M\u00e4rchenb\u00fchne Karlheinz Schudt und Rita Maria Fr\u00f6hle<\/li>\n\n\n\n<li>Pferdesportfreunde Wettenberg e. V. <\/li>\n<\/ul>\n\n\n\n<figure class=\"wp-block-gallery has-nested-images columns-default is-cropped wp-block-gallery-1 is-layout-flex wp-block-gallery-is-layout-flex\">\n<figure class=\"wp-block-image size-large\"><a href=\"http:\/\/hessischer-maerchentag.de\/wp-content\/uploads\/2025\/04\/DSC1048-scaled.jpg\"><img loading=\"lazy\" decoding=\"async\" width=\"1024\" height=\"683\" data-id=\"901\" src=\"http:\/\/hessischer-maerchentag.de\/wp-content\/uploads\/2025\/04\/DSC1048-1024x683.jpg\" alt=\"\" class=\"wp-image-901\" srcset=\"http:\/\/hessischer-maerchentag.de\/wp-content\/uploads\/2025\/04\/DSC1048-1024x683.jpg 1024w, http:\/\/hessischer-maerchentag.de\/wp-content\/uploads\/2025\/04\/DSC1048-300x200.jpg 300w, http:\/\/hessischer-maerchentag.de\/wp-content\/uploads\/2025\/04\/DSC1048-768x512.jpg 768w, http:\/\/hessischer-maerchentag.de\/wp-content\/uploads\/2025\/04\/DSC1048-1536x1024.jpg 1536w, http:\/\/hessischer-maerchentag.de\/wp-content\/uploads\/2025\/04\/DSC1048-2048x1365.jpg 2048w\" sizes=\"auto, (max-width: 1024px) 100vw, 1024px\" \/><\/a><\/figure>\n\n\n\n<figure class=\"wp-block-image size-large\"><a href=\"http:\/\/hessischer-maerchentag.de\/wp-content\/uploads\/2025\/04\/DSC1074-scaled.jpg\"><img loading=\"lazy\" decoding=\"async\" width=\"1024\" height=\"683\" data-id=\"900\" src=\"http:\/\/hessischer-maerchentag.de\/wp-content\/uploads\/2025\/04\/DSC1074-1024x683.jpg\" alt=\"\" class=\"wp-image-900\" srcset=\"http:\/\/hessischer-maerchentag.de\/wp-content\/uploads\/2025\/04\/DSC1074-1024x683.jpg 1024w, http:\/\/hessischer-maerchentag.de\/wp-content\/uploads\/2025\/04\/DSC1074-300x200.jpg 300w, http:\/\/hessischer-maerchentag.de\/wp-content\/uploads\/2025\/04\/DSC1074-768x512.jpg 768w, http:\/\/hessischer-maerchentag.de\/wp-content\/uploads\/2025\/04\/DSC1074-1536x1024.jpg 1536w, http:\/\/hessischer-maerchentag.de\/wp-content\/uploads\/2025\/04\/DSC1074-2048x1365.jpg 2048w\" sizes=\"auto, (max-width: 1024px) 100vw, 1024px\" \/><\/a><\/figure>\n\n\n\n<figure class=\"wp-block-image size-large\"><a href=\"http:\/\/hessischer-maerchentag.de\/wp-content\/uploads\/2025\/04\/DSC1101-scaled.jpg\"><img loading=\"lazy\" decoding=\"async\" width=\"683\" height=\"1024\" data-id=\"898\" src=\"http:\/\/hessischer-maerchentag.de\/wp-content\/uploads\/2025\/04\/DSC1101-683x1024.jpg\" alt=\"\" class=\"wp-image-898\" srcset=\"http:\/\/hessischer-maerchentag.de\/wp-content\/uploads\/2025\/04\/DSC1101-683x1024.jpg 683w, http:\/\/hessischer-maerchentag.de\/wp-content\/uploads\/2025\/04\/DSC1101-200x300.jpg 200w, http:\/\/hessischer-maerchentag.de\/wp-content\/uploads\/2025\/04\/DSC1101-768x1152.jpg 768w, http:\/\/hessischer-maerchentag.de\/wp-content\/uploads\/2025\/04\/DSC1101-1024x1536.jpg 1024w, http:\/\/hessischer-maerchentag.de\/wp-content\/uploads\/2025\/04\/DSC1101-1365x2048.jpg 1365w, http:\/\/hessischer-maerchentag.de\/wp-content\/uploads\/2025\/04\/DSC1101-scaled.jpg 1707w\" sizes=\"auto, (max-width: 683px) 100vw, 683px\" \/><\/a><\/figure>\n\n\n\n<figure class=\"wp-block-image size-large\"><a href=\"http:\/\/hessischer-maerchentag.de\/wp-content\/uploads\/2025\/04\/DSC1104-scaled.jpg\"><img loading=\"lazy\" decoding=\"async\" width=\"1024\" height=\"683\" data-id=\"905\" src=\"http:\/\/hessischer-maerchentag.de\/wp-content\/uploads\/2025\/04\/DSC1104-1024x683.jpg\" alt=\"\" class=\"wp-image-905\" srcset=\"http:\/\/hessischer-maerchentag.de\/wp-content\/uploads\/2025\/04\/DSC1104-1024x683.jpg 1024w, http:\/\/hessischer-maerchentag.de\/wp-content\/uploads\/2025\/04\/DSC1104-300x200.jpg 300w, http:\/\/hessischer-maerchentag.de\/wp-content\/uploads\/2025\/04\/DSC1104-768x512.jpg 768w, http:\/\/hessischer-maerchentag.de\/wp-content\/uploads\/2025\/04\/DSC1104-1536x1024.jpg 1536w, http:\/\/hessischer-maerchentag.de\/wp-content\/uploads\/2025\/04\/DSC1104-2048x1365.jpg 2048w\" sizes=\"auto, (max-width: 1024px) 100vw, 1024px\" \/><\/a><\/figure>\n\n\n\n<figure class=\"wp-block-image size-large\"><a href=\"http:\/\/hessischer-maerchentag.de\/wp-content\/uploads\/2025\/04\/DSC1360-scaled.jpg\"><img loading=\"lazy\" decoding=\"async\" width=\"1024\" height=\"683\" data-id=\"902\" src=\"http:\/\/hessischer-maerchentag.de\/wp-content\/uploads\/2025\/04\/DSC1360-1024x683.jpg\" alt=\"\" class=\"wp-image-902\" srcset=\"http:\/\/hessischer-maerchentag.de\/wp-content\/uploads\/2025\/04\/DSC1360-1024x683.jpg 1024w, http:\/\/hessischer-maerchentag.de\/wp-content\/uploads\/2025\/04\/DSC1360-300x200.jpg 300w, http:\/\/hessischer-maerchentag.de\/wp-content\/uploads\/2025\/04\/DSC1360-768x512.jpg 768w, http:\/\/hessischer-maerchentag.de\/wp-content\/uploads\/2025\/04\/DSC1360-1536x1024.jpg 1536w, http:\/\/hessischer-maerchentag.de\/wp-content\/uploads\/2025\/04\/DSC1360-2048x1365.jpg 2048w\" sizes=\"auto, (max-width: 1024px) 100vw, 1024px\" \/><\/a><\/figure>\n\n\n\n<figure class=\"wp-block-image size-large\"><a href=\"http:\/\/hessischer-maerchentag.de\/wp-content\/uploads\/2025\/04\/DSC1379-scaled.jpg\"><img loading=\"lazy\" decoding=\"async\" width=\"1024\" height=\"683\" data-id=\"899\" src=\"http:\/\/hessischer-maerchentag.de\/wp-content\/uploads\/2025\/04\/DSC1379-1024x683.jpg\" alt=\"\" class=\"wp-image-899\" srcset=\"http:\/\/hessischer-maerchentag.de\/wp-content\/uploads\/2025\/04\/DSC1379-1024x683.jpg 1024w, http:\/\/hessischer-maerchentag.de\/wp-content\/uploads\/2025\/04\/DSC1379-300x200.jpg 300w, http:\/\/hessischer-maerchentag.de\/wp-content\/uploads\/2025\/04\/DSC1379-768x512.jpg 768w, http:\/\/hessischer-maerchentag.de\/wp-content\/uploads\/2025\/04\/DSC1379-1536x1024.jpg 1536w, http:\/\/hessischer-maerchentag.de\/wp-content\/uploads\/2025\/04\/DSC1379-2048x1365.jpg 2048w\" sizes=\"auto, (max-width: 1024px) 100vw, 1024px\" \/><\/a><\/figure>\n\n\n\n<figure class=\"wp-block-image size-large\"><a href=\"http:\/\/hessischer-maerchentag.de\/wp-content\/uploads\/2025\/04\/DSC1401-scaled.jpg\"><img loading=\"lazy\" decoding=\"async\" width=\"1024\" height=\"599\" data-id=\"906\" src=\"http:\/\/hessischer-maerchentag.de\/wp-content\/uploads\/2025\/04\/DSC1401-1024x599.jpg\" alt=\"\" class=\"wp-image-906\" srcset=\"http:\/\/hessischer-maerchentag.de\/wp-content\/uploads\/2025\/04\/DSC1401-1024x599.jpg 1024w, http:\/\/hessischer-maerchentag.de\/wp-content\/uploads\/2025\/04\/DSC1401-300x176.jpg 300w, http:\/\/hessischer-maerchentag.de\/wp-content\/uploads\/2025\/04\/DSC1401-768x449.jpg 768w, http:\/\/hessischer-maerchentag.de\/wp-content\/uploads\/2025\/04\/DSC1401-1536x899.jpg 1536w, http:\/\/hessischer-maerchentag.de\/wp-content\/uploads\/2025\/04\/DSC1401-2048x1198.jpg 2048w\" sizes=\"auto, (max-width: 1024px) 100vw, 1024px\" \/><\/a><\/figure>\n\n\n\n<figure class=\"wp-block-image size-large\"><a href=\"http:\/\/hessischer-maerchentag.de\/wp-content\/uploads\/2025\/04\/DSC1471-scaled.jpg\"><img loading=\"lazy\" decoding=\"async\" width=\"1024\" height=\"682\" data-id=\"904\" src=\"http:\/\/hessischer-maerchentag.de\/wp-content\/uploads\/2025\/04\/DSC1471-1024x682.jpg\" alt=\"\" class=\"wp-image-904\" srcset=\"http:\/\/hessischer-maerchentag.de\/wp-content\/uploads\/2025\/04\/DSC1471-1024x682.jpg 1024w, http:\/\/hessischer-maerchentag.de\/wp-content\/uploads\/2025\/04\/DSC1471-300x200.jpg 300w, http:\/\/hessischer-maerchentag.de\/wp-content\/uploads\/2025\/04\/DSC1471-768x512.jpg 768w, http:\/\/hessischer-maerchentag.de\/wp-content\/uploads\/2025\/04\/DSC1471-1536x1023.jpg 1536w, http:\/\/hessischer-maerchentag.de\/wp-content\/uploads\/2025\/04\/DSC1471-2048x1364.jpg 2048w\" sizes=\"auto, (max-width: 1024px) 100vw, 1024px\" \/><\/a><\/figure>\n\n\n\n<figure class=\"wp-block-image size-large\"><a href=\"http:\/\/hessischer-maerchentag.de\/wp-content\/uploads\/2025\/04\/DSC1488-scaled.jpg\"><img loading=\"lazy\" decoding=\"async\" width=\"1024\" height=\"683\" data-id=\"903\" src=\"http:\/\/hessischer-maerchentag.de\/wp-content\/uploads\/2025\/04\/DSC1488-1024x683.jpg\" alt=\"\" class=\"wp-image-903\" srcset=\"http:\/\/hessischer-maerchentag.de\/wp-content\/uploads\/2025\/04\/DSC1488-1024x683.jpg 1024w, http:\/\/hessischer-maerchentag.de\/wp-content\/uploads\/2025\/04\/DSC1488-300x200.jpg 300w, http:\/\/hessischer-maerchentag.de\/wp-content\/uploads\/2025\/04\/DSC1488-768x512.jpg 768w, http:\/\/hessischer-maerchentag.de\/wp-content\/uploads\/2025\/04\/DSC1488-1536x1024.jpg 1536w, http:\/\/hessischer-maerchentag.de\/wp-content\/uploads\/2025\/04\/DSC1488-2048x1366.jpg 2048w\" sizes=\"auto, (max-width: 1024px) 100vw, 1024px\" \/><\/a><\/figure>\n\n\n\n<figure class=\"wp-block-image size-large\"><a href=\"http:\/\/hessischer-maerchentag.de\/wp-content\/uploads\/2025\/04\/DSC1497-scaled.jpg\"><img loading=\"lazy\" decoding=\"async\" width=\"683\" height=\"1024\" data-id=\"908\" src=\"http:\/\/hessischer-maerchentag.de\/wp-content\/uploads\/2025\/04\/DSC1497-683x1024.jpg\" alt=\"\" class=\"wp-image-908\" srcset=\"http:\/\/hessischer-maerchentag.de\/wp-content\/uploads\/2025\/04\/DSC1497-683x1024.jpg 683w, http:\/\/hessischer-maerchentag.de\/wp-content\/uploads\/2025\/04\/DSC1497-200x300.jpg 200w, http:\/\/hessischer-maerchentag.de\/wp-content\/uploads\/2025\/04\/DSC1497-768x1152.jpg 768w, http:\/\/hessischer-maerchentag.de\/wp-content\/uploads\/2025\/04\/DSC1497-1024x1536.jpg 1024w, http:\/\/hessischer-maerchentag.de\/wp-content\/uploads\/2025\/04\/DSC1497-1365x2048.jpg 1365w, http:\/\/hessischer-maerchentag.de\/wp-content\/uploads\/2025\/04\/DSC1497-scaled.jpg 1707w\" sizes=\"auto, (max-width: 683px) 100vw, 683px\" \/><\/a><\/figure>\n\n\n\n<figure class=\"wp-block-image size-large\"><a href=\"http:\/\/hessischer-maerchentag.de\/wp-content\/uploads\/2025\/04\/DSC1568-scaled.jpg\"><img loading=\"lazy\" decoding=\"async\" width=\"683\" height=\"1024\" data-id=\"907\" src=\"http:\/\/hessischer-maerchentag.de\/wp-content\/uploads\/2025\/04\/DSC1568-683x1024.jpg\" alt=\"\" class=\"wp-image-907\" srcset=\"http:\/\/hessischer-maerchentag.de\/wp-content\/uploads\/2025\/04\/DSC1568-683x1024.jpg 683w, http:\/\/hessischer-maerchentag.de\/wp-content\/uploads\/2025\/04\/DSC1568-200x300.jpg 200w, http:\/\/hessischer-maerchentag.de\/wp-content\/uploads\/2025\/04\/DSC1568-768x1152.jpg 768w, http:\/\/hessischer-maerchentag.de\/wp-content\/uploads\/2025\/04\/DSC1568-1024x1536.jpg 1024w, http:\/\/hessischer-maerchentag.de\/wp-content\/uploads\/2025\/04\/DSC1568-1365x2048.jpg 1365w, http:\/\/hessischer-maerchentag.de\/wp-content\/uploads\/2025\/04\/DSC1568-scaled.jpg 1707w\" sizes=\"auto, (max-width: 683px) 100vw, 683px\" \/><\/a><\/figure>\n\n\n\n<figure class=\"wp-block-image size-large\"><a href=\"http:\/\/hessischer-maerchentag.de\/wp-content\/uploads\/2025\/04\/DSC1659-scaled.jpg\"><img loading=\"lazy\" decoding=\"async\" width=\"1024\" height=\"683\" data-id=\"897\" src=\"http:\/\/hessischer-maerchentag.de\/wp-content\/uploads\/2025\/04\/DSC1659-1024x683.jpg\" alt=\"\" class=\"wp-image-897\" srcset=\"http:\/\/hessischer-maerchentag.de\/wp-content\/uploads\/2025\/04\/DSC1659-1024x683.jpg 1024w, http:\/\/hessischer-maerchentag.de\/wp-content\/uploads\/2025\/04\/DSC1659-300x200.jpg 300w, http:\/\/hessischer-maerchentag.de\/wp-content\/uploads\/2025\/04\/DSC1659-768x512.jpg 768w, http:\/\/hessischer-maerchentag.de\/wp-content\/uploads\/2025\/04\/DSC1659-1536x1024.jpg 1536w, http:\/\/hessischer-maerchentag.de\/wp-content\/uploads\/2025\/04\/DSC1659-2048x1365.jpg 2048w\" sizes=\"auto, (max-width: 1024px) 100vw, 1024px\" \/><\/a><\/figure>\n<\/figure>\n","protected":false},"excerpt":{"rendered":"","protected":false},"author":5,"featured_media":0,"comment_status":"open","ping_status":"open","sticky":false,"template":"","format":"standard","meta":{"footnotes":""},"categories":[1],"tags":[],"class_list":["post-896","post","type-post","status-publish","format-standard","hentry","category-partner"],"_links":{"self":[{"href":"http:\/\/hessischer-maerchentag.de\/index.php?rest_route=\/wp\/v2\/posts\/896","targetHints":{"allow":["GET"]}}],"collection":[{"href":"http:\/\/hessischer-maerchentag.de\/index.php?rest_route=\/wp\/v2\/posts"}],"about":[{"href":"http:\/\/hessischer-maerchentag.de\/index.php?rest_route=\/wp\/v2\/types\/post"}],"author":[{"embeddable":true,"href":"http:\/\/hessischer-maerchentag.de\/index.php?rest_route=\/wp\/v2\/users\/5"}],"replies":[{"embeddable":true,"href":"http:\/\/hessischer-maerchentag.de\/index.php?rest_route=%2Fwp%2Fv2%2Fcomments&post=896"}],"version-history":[{"count":3,"href":"http:\/\/hessischer-maerchentag.de\/index.php?rest_route=\/wp\/v2\/posts\/896\/revisions"}],"predecessor-version":[{"id":943,"href":"http:\/\/hessischer-maerchentag.de\/index.php?rest_route=\/wp\/v2\/posts\/896\/revisions\/943"}],"wp:attachment":[{"href":"http:\/\/hessischer-maerchentag.de\/index.php?rest_route=%2Fwp%2Fv2%2Fmedia&parent=896"}],"wp:term":[{"taxonomy":"category","embeddable":true,"href":"http:\/\/hessischer-maerchentag.de\/index.php?rest_route=%2Fwp%2Fv2%2Fcategories&post=896"},{"taxonomy":"post_tag","embeddable":true,"href":"http:\/\/hessischer-maerchentag.de\/index.php?rest_route=%2Fwp%2Fv2%2Ftags&post=896"}],"curies":[{"name":"wp","href":"https:\/\/api.w.org\/{rel}","templated":true}]}}