{"id":772,"date":"2023-10-25T13:42:59","date_gmt":"2023-10-25T11:42:59","guid":{"rendered":"http:\/\/hessischer-maerchentag.de\/?p=772"},"modified":"2024-03-01T13:38:27","modified_gmt":"2024-03-01T11:38:27","slug":"impressum","status":"publish","type":"post","link":"http:\/\/hessischer-maerchentag.de\/?p=772","title":{"rendered":"Impressum"},"content":{"rendered":"\n<p><strong>Angaben gem\u00e4\u00df \u00a7 5 TMG:<\/strong><\/p>\n\n\n\n<p>Gemeindevorstand der Gemeinde Wettenberg<br>Sorguesplatz 2-3<br>35435 Wettenberg<br>Tel.: 0641 8040<br>Fax: 0641 80460<br>Mail:&nbsp;<a href=\"mailto:gemeinde@wettenberg.de\">gemeinde@wettenberg.de<\/a><\/p>\n\n\n\n<p><br>Die Gemeinde Wettenberg ist eine K\u00f6rperschaft des \u00d6ffentlichen Rechts. Sie wird vertreten durch den B\u00fcrgermeister Marc Nees.<br><br>Verantwortlich f\u00fcr die jeweiligen Inhalte des Internetangebotes sind die jeweiligen \u00c4mter bzw. Fachdienste der Gemeindeverwaltung Wettenberg.<\/p>\n\n\n\n<h3 class=\"wp-block-heading\"><br><strong>Haftungsausschluss<\/strong><\/h3>\n\n\n\n<p><strong>1.&nbsp;&nbsp;Inhalt des Online Angebotes<\/strong><br><br>F\u00fcr die Aktualit\u00e4t, Richtigkeit, Vollst\u00e4ndigkeit und Qualit\u00e4t der auf dieser Internetseite zur Verf\u00fcgung gestellten Informationen \u00fcbernimmt der Autor keinerlei Gew\u00e4hr. Der Autor kann grunds\u00e4tzlich f\u00fcr Sch\u00e4den materieller oder ideeller Art, die durch die Nutzung oder Nichtnutzung der dargebotenen Informationen bzw. durch die Nutzung von fehlerhaften und unvollst\u00e4ndigen Informationen entstanden sind, nicht haftbar gemacht werden, sofern seitens des Autors kein nachweislich vors\u00e4tzliches oder grob fahrl\u00e4ssiges Verschulden vorliegt.<br>Alle angebotenen Informationen sind frei und unverbindlich. Der Autor beh\u00e4lt sich vor \u00c4nderungen, Erg\u00e4nzungen, L\u00f6schungen oder gar das zeitweise oder endg\u00fcltige Einstellen von Teilen der Ver\u00f6ffentlichung oder der gesamten Ver\u00f6ffentlichung ohne gesonderte Ank\u00fcndigung durchzuf\u00fchren.<br><br><br><strong>2.&nbsp;&nbsp;Verweise und Links<\/strong><br><br>Eine Haftungsverpflichtung besteht bei direkten oder indirekten Verweisen auf fremde Webseiten nicht, es sei denn der Autor hat Kenntnis \u00fcber die rechtswidrigen Inhalte der Webseite und es w\u00e4re ihm technisch m\u00f6glich und zumutbar die Nutzung zu verhindern.<br>Der Autor erkl\u00e4rt hiermit ausdr\u00fccklich, dass zum Zeitpunkt der Linksetzung keine rechtswidrigen Inhalte auf der fremden Webseite erkennbar waren. Auf die aktuelle und zuk\u00fcnftige Gestaltung der verlinkten Webseiten hat der Autor keinen Einfluss. Deshalb distanziert sich der Autor von jeglichen Inhalten der gelinkten Webseiten, die nach der Linksetzung ver\u00e4ndert wurden.<br><br><br><strong>3.&nbsp;&nbsp;Urheber- und Kennzeichenrecht<\/strong><br><br>Die Urheberrechte der verwendeten Grafiken, Texte, Ton- und Videodokumente werden vom Autor stets beachtet. Verwendung finden zumeist selbst erstellte und lizenzfreie Grafiken, Texte, Ton- und Videodokumente.<br>Alle in der Publikation genannten Marken und Warenzeichen unterliegen selbstverst\u00e4ndlich den Bestimmungen des jeweils g\u00fcltigen Kennzeichenrechts und den Besitzrechten der jeweiligen eingetragenen Eigent\u00fcmer.<br>Das Copyright f\u00fcr ver\u00f6ffentlichte, vom Autor selbst erstellte Grafiken, Texte, Ton- und Videodokumente bleibt allein beim Autor der Webpublikationen. Eine Vervielf\u00e4ltigung und Verwendung solcher Objekte ist ohne ausdr\u00fcckliche Erlaubnis des Autors nicht gestattet.<br><br><br><strong>4.&nbsp;&nbsp;Datenschutz<\/strong><br><br>Die Eingabe von pers\u00f6nlichen oder gesch\u00e4ftlichen Daten (E-Mail &#8211; Adressen, Namen, Anschriften) ist stets freiwillig. Es ist Dritten nicht gestattet Kontaktdaten wie Postanschriften, Telefon- und Faxnummern sowie E-Mail &#8211; Adressen zu \u00fcbersenden, wenn die Daten nicht ausdr\u00fccklich angefordert wurden. Rechtliche Schritte gegen die Versender von sogenannten Spam-Mails bei Verst\u00f6\u00dfen gegen dieses Verbot sind ausdr\u00fccklich dem Autor vorbehalten.<br><br><br><strong>5.&nbsp;&nbsp;Rechtswirksamkeit dieses Haftungsausschlusses<\/strong><br><br>Dieser Haftungsausschluss ist Teil des Internetangebotes, von dem auf diese Seite verwiesen wurde. Sollten Teile dieses Haftungsausschlusses nicht mehr der geltenden Rechtslage entsprechen, so bleiben die weiteren Teile des Haftungsausschlusses in ihrer G\u00fcltigkeit davon unber\u00fchrt.<\/p>\n","protected":false},"excerpt":{"rendered":"<p>Angaben gem\u00e4\u00df \u00a7 5 TMG: Gemeindevorstand der Gemeinde WettenbergSorguesplatz 2-335435 WettenbergTel.: 0641 8040Fax: 0641 80460Mail:&nbsp;gemeinde@wettenberg.de Die Gemeinde Wettenberg ist eine K\u00f6rperschaft des \u00d6ffentlichen Rechts. Sie wird vertreten durch den B\u00fcrgermeister Marc Nees. Verantwortlich f\u00fcr die jeweiligen Inhalte des Internetangebotes sind [&hellip;]<\/p>\n","protected":false},"author":5,"featured_media":0,"comment_status":"closed","ping_status":"closed","sticky":false,"template":"","format":"standard","meta":{"footnotes":""},"categories":[10],"tags":[],"class_list":["post-772","post","type-post","status-publish","format-standard","hentry","category-impressum"],"_links":{"self":[{"href":"http:\/\/hessischer-maerchentag.de\/index.php?rest_route=\/wp\/v2\/posts\/772","targetHints":{"allow":["GET"]}}],"collection":[{"href":"http:\/\/hessischer-maerchentag.de\/index.php?rest_route=\/wp\/v2\/posts"}],"about":[{"href":"http:\/\/hessischer-maerchentag.de\/index.php?rest_route=\/wp\/v2\/types\/post"}],"author":[{"embeddable":true,"href":"http:\/\/hessischer-maerchentag.de\/index.php?rest_route=\/wp\/v2\/users\/5"}],"replies":[{"embeddable":true,"href":"http:\/\/hessischer-maerchentag.de\/index.php?rest_route=%2Fwp%2Fv2%2Fcomments&post=772"}],"version-history":[{"count":3,"href":"http:\/\/hessischer-maerchentag.de\/index.php?rest_route=\/wp\/v2\/posts\/772\/revisions"}],"predecessor-version":[{"id":787,"href":"http:\/\/hessischer-maerchentag.de\/index.php?rest_route=\/wp\/v2\/posts\/772\/revisions\/787"}],"wp:attachment":[{"href":"http:\/\/hessischer-maerchentag.de\/index.php?rest_route=%2Fwp%2Fv2%2Fmedia&parent=772"}],"wp:term":[{"taxonomy":"category","embeddable":true,"href":"http:\/\/hessischer-maerchentag.de\/index.php?rest_route=%2Fwp%2Fv2%2Fcategories&post=772"},{"taxonomy":"post_tag","embeddable":true,"href":"http:\/\/hessischer-maerchentag.de\/index.php?rest_route=%2Fwp%2Fv2%2Ftags&post=772"}],"curies":[{"name":"wp","href":"https:\/\/api.w.org\/{rel}","templated":true}]}}