{"id":353,"date":"2026-04-07T11:22:13","date_gmt":"2026-04-07T09:22:13","guid":{"rendered":"http:\/\/hessischer-maerchentag.de\/?p=353"},"modified":"2026-04-07T11:22:13","modified_gmt":"2026-04-07T09:22:13","slug":"partner","status":"publish","type":"post","link":"http:\/\/hessischer-maerchentag.de\/?p=353","title":{"rendered":"Sponsoren"},"content":{"rendered":"\n<h3 class=\"wp-block-heading\">Unsere Sponsoren im Jahr 2026<\/h3>\n\n\n<p><em>Eine Veranstaltung in diesem Rahmen l\u00e4sst sich nat\u00fcrlich nicht ohne Unterst\u00fctzung aus der gewerblichen Wirtschaft realisieren. Im Rahmen des &#8222;Kultursponsorings&#8220; bedanken wir uns ganz herzlich bei unseren heimischen Unternehmen und weiteren Partnern f\u00fcr die Unterst\u00fctzung!<\/em><\/p>\n\n\n<div class=\"wp-block-columns is-layout-flex wp-container-core-columns-is-layout-9d6595d7 wp-block-columns-is-layout-flex\">\n<div class=\"wp-block-column is-layout-flow wp-block-column-is-layout-flow\" style=\"flex-basis:45%\">\n<figure class=\"wp-block-image size-large\"><a href=\"http:\/\/hessischer-maerchentag.de\/wp-content\/uploads\/2024\/03\/Logo_Mediengruppe-Frankfurt_P-7426.png\"><img loading=\"lazy\" decoding=\"async\" width=\"1024\" height=\"722\" src=\"http:\/\/hessischer-maerchentag.de\/wp-content\/uploads\/2024\/03\/Logo_Mediengruppe-Frankfurt_P-7426-1024x722.png\" alt=\"\" class=\"wp-image-878\" srcset=\"http:\/\/hessischer-maerchentag.de\/wp-content\/uploads\/2024\/03\/Logo_Mediengruppe-Frankfurt_P-7426-1024x722.png 1024w, http:\/\/hessischer-maerchentag.de\/wp-content\/uploads\/2024\/03\/Logo_Mediengruppe-Frankfurt_P-7426-300x211.png 300w, http:\/\/hessischer-maerchentag.de\/wp-content\/uploads\/2024\/03\/Logo_Mediengruppe-Frankfurt_P-7426-768x541.png 768w, http:\/\/hessischer-maerchentag.de\/wp-content\/uploads\/2024\/03\/Logo_Mediengruppe-Frankfurt_P-7426-1536x1083.png 1536w, http:\/\/hessischer-maerchentag.de\/wp-content\/uploads\/2024\/03\/Logo_Mediengruppe-Frankfurt_P-7426-2048x1444.png 2048w\" sizes=\"auto, (max-width: 1024px) 100vw, 1024px\" \/><\/a><\/figure>\n\n\n\n<figure class=\"wp-block-image size-large\"><a href=\"http:\/\/hessischer-maerchentag.de\/wp-content\/uploads\/2015\/04\/RZ-EAM-Logo-3D.jpg\"><img loading=\"lazy\" decoding=\"async\" width=\"983\" height=\"1024\" src=\"http:\/\/hessischer-maerchentag.de\/wp-content\/uploads\/2015\/04\/RZ-EAM-Logo-3D-983x1024.jpg\" alt=\"\" class=\"wp-image-498\" srcset=\"http:\/\/hessischer-maerchentag.de\/wp-content\/uploads\/2015\/04\/RZ-EAM-Logo-3D-983x1024.jpg 983w, http:\/\/hessischer-maerchentag.de\/wp-content\/uploads\/2015\/04\/RZ-EAM-Logo-3D-288x300.jpg 288w, http:\/\/hessischer-maerchentag.de\/wp-content\/uploads\/2015\/04\/RZ-EAM-Logo-3D-768x800.jpg 768w, http:\/\/hessischer-maerchentag.de\/wp-content\/uploads\/2015\/04\/RZ-EAM-Logo-3D.jpg 1635w\" sizes=\"auto, (max-width: 983px) 100vw, 983px\" \/><\/a><\/figure>\n\n\n\n<figure class=\"wp-block-image size-full\"><a href=\"http:\/\/hessischer-maerchentag.de\/wp-content\/uploads\/2024\/03\/Wissmarer-See-Logo.png\"><img loading=\"lazy\" decoding=\"async\" width=\"462\" height=\"202\" src=\"http:\/\/hessischer-maerchentag.de\/wp-content\/uploads\/2024\/03\/Wissmarer-See-Logo.png\" alt=\"\" class=\"wp-image-877\" srcset=\"http:\/\/hessischer-maerchentag.de\/wp-content\/uploads\/2024\/03\/Wissmarer-See-Logo.png 462w, http:\/\/hessischer-maerchentag.de\/wp-content\/uploads\/2024\/03\/Wissmarer-See-Logo-300x131.png 300w\" sizes=\"auto, (max-width: 462px) 100vw, 462px\" \/><\/a><\/figure>\n<\/div>\n\n\n\n<div class=\"wp-block-column is-layout-flow wp-block-column-is-layout-flow\" style=\"flex-basis:55%\">\n<figure class=\"wp-block-image size-large\"><a href=\"http:\/\/hessischer-maerchentag.de\/wp-content\/uploads\/2026\/03\/Laumann.jpg\"><img loading=\"lazy\" decoding=\"async\" width=\"1024\" height=\"203\" src=\"http:\/\/hessischer-maerchentag.de\/wp-content\/uploads\/2026\/03\/Laumann-1024x203.jpg\" alt=\"\" class=\"wp-image-1025\" srcset=\"http:\/\/hessischer-maerchentag.de\/wp-content\/uploads\/2026\/03\/Laumann-1024x203.jpg 1024w, http:\/\/hessischer-maerchentag.de\/wp-content\/uploads\/2026\/03\/Laumann-300x60.jpg 300w, http:\/\/hessischer-maerchentag.de\/wp-content\/uploads\/2026\/03\/Laumann-768x153.jpg 768w, http:\/\/hessischer-maerchentag.de\/wp-content\/uploads\/2026\/03\/Laumann.jpg 1399w\" sizes=\"auto, (max-width: 1024px) 100vw, 1024px\" \/><\/a><\/figure>\n\n\n\n<figure class=\"wp-block-image size-full\"><a href=\"http:\/\/hessischer-maerchentag.de\/wp-content\/uploads\/2025\/04\/images-1.png\"><img loading=\"lazy\" decoding=\"async\" width=\"503\" height=\"100\" src=\"http:\/\/hessischer-maerchentag.de\/wp-content\/uploads\/2025\/04\/images-1.png\" alt=\"\" class=\"wp-image-999\" srcset=\"http:\/\/hessischer-maerchentag.de\/wp-content\/uploads\/2025\/04\/images-1.png 503w, http:\/\/hessischer-maerchentag.de\/wp-content\/uploads\/2025\/04\/images-1-300x60.png 300w\" sizes=\"auto, (max-width: 503px) 100vw, 503px\" \/><\/a><\/figure>\n\n\n\n<figure class=\"wp-block-image size-full is-resized\"><a href=\"http:\/\/hessischer-maerchentag.de\/wp-content\/uploads\/2025\/04\/Druckerei-Bender-Logo.png\"><img loading=\"lazy\" decoding=\"async\" width=\"645\" height=\"165\" src=\"http:\/\/hessischer-maerchentag.de\/wp-content\/uploads\/2025\/04\/Druckerei-Bender-Logo.png\" alt=\"\" class=\"wp-image-927\" style=\"aspect-ratio:7.829787234042553;width:365px;height:auto\" srcset=\"http:\/\/hessischer-maerchentag.de\/wp-content\/uploads\/2025\/04\/Druckerei-Bender-Logo.png 645w, http:\/\/hessischer-maerchentag.de\/wp-content\/uploads\/2025\/04\/Druckerei-Bender-Logo-300x77.png 300w\" sizes=\"auto, (max-width: 645px) 100vw, 645px\" \/><\/a><\/figure>\n\n\n\n<figure class=\"wp-block-image size-full\"><a href=\"http:\/\/hessischer-maerchentag.de\/wp-content\/uploads\/2025\/04\/Zick-Hessler-Logo-1.png\"><img loading=\"lazy\" decoding=\"async\" width=\"231\" height=\"81\" src=\"http:\/\/hessischer-maerchentag.de\/wp-content\/uploads\/2025\/04\/Zick-Hessler-Logo-1.png\" alt=\"\" class=\"wp-image-929\"\/><\/a><\/figure>\n\n\n\n<figure class=\"wp-block-image size-large is-resized\"><a href=\"http:\/\/hessischer-maerchentag.de\/wp-content\/uploads\/2015\/04\/Volksbank.jpg\"><img loading=\"lazy\" decoding=\"async\" width=\"1024\" height=\"137\" src=\"http:\/\/hessischer-maerchentag.de\/wp-content\/uploads\/2015\/04\/Volksbank-1024x137.jpg\" alt=\"\" class=\"wp-image-375\" style=\"width:359px;height:auto\" srcset=\"http:\/\/hessischer-maerchentag.de\/wp-content\/uploads\/2015\/04\/Volksbank-1024x137.jpg 1024w, http:\/\/hessischer-maerchentag.de\/wp-content\/uploads\/2015\/04\/Volksbank-300x40.jpg 300w, http:\/\/hessischer-maerchentag.de\/wp-content\/uploads\/2015\/04\/Volksbank.jpg 1550w\" sizes=\"auto, (max-width: 1024px) 100vw, 1024px\" \/><\/a><\/figure>\n\n\n\n<figure class=\"wp-block-image size-large\"><a href=\"http:\/\/hessischer-maerchentag.de\/wp-content\/uploads\/2025\/04\/TELOGS-GmbH.jpg\"><img loading=\"lazy\" decoding=\"async\" width=\"1024\" height=\"538\" src=\"http:\/\/hessischer-maerchentag.de\/wp-content\/uploads\/2025\/04\/TELOGS-GmbH-1024x538.jpg\" alt=\"\" class=\"wp-image-1009\" srcset=\"http:\/\/hessischer-maerchentag.de\/wp-content\/uploads\/2025\/04\/TELOGS-GmbH-1024x538.jpg 1024w, http:\/\/hessischer-maerchentag.de\/wp-content\/uploads\/2025\/04\/TELOGS-GmbH-300x158.jpg 300w, http:\/\/hessischer-maerchentag.de\/wp-content\/uploads\/2025\/04\/TELOGS-GmbH-768x403.jpg 768w, http:\/\/hessischer-maerchentag.de\/wp-content\/uploads\/2025\/04\/TELOGS-GmbH.jpg 1200w\" sizes=\"auto, (max-width: 1024px) 100vw, 1024px\" \/><\/a><\/figure>\n<\/div>\n<\/div>\n","protected":false},"excerpt":{"rendered":"<p>Unsere Sponsoren im Jahr 2026 Eine Veranstaltung in diesem Rahmen l\u00e4sst sich nat\u00fcrlich nicht ohne Unterst\u00fctzung aus der gewerblichen Wirtschaft realisieren. Im Rahmen des &#8222;Kultursponsorings&#8220; bedanken wir uns ganz herzlich bei unseren heimischen Unternehmen und weiteren Partnern f\u00fcr die Unterst\u00fctzung!<\/p>\n","protected":false},"author":5,"featured_media":0,"comment_status":"closed","ping_status":"closed","sticky":false,"template":"","format":"standard","meta":{"footnotes":""},"categories":[9],"tags":[],"class_list":["post-353","post","type-post","status-publish","format-standard","hentry","category-sponsoren"],"_links":{"self":[{"href":"http:\/\/hessischer-maerchentag.de\/index.php?rest_route=\/wp\/v2\/posts\/353","targetHints":{"allow":["GET"]}}],"collection":[{"href":"http:\/\/hessischer-maerchentag.de\/index.php?rest_route=\/wp\/v2\/posts"}],"about":[{"href":"http:\/\/hessischer-maerchentag.de\/index.php?rest_route=\/wp\/v2\/types\/post"}],"author":[{"embeddable":true,"href":"http:\/\/hessischer-maerchentag.de\/index.php?rest_route=\/wp\/v2\/users\/5"}],"replies":[{"embeddable":true,"href":"http:\/\/hessischer-maerchentag.de\/index.php?rest_route=%2Fwp%2Fv2%2Fcomments&post=353"}],"version-history":[{"count":34,"href":"http:\/\/hessischer-maerchentag.de\/index.php?rest_route=\/wp\/v2\/posts\/353\/revisions"}],"predecessor-version":[{"id":1026,"href":"http:\/\/hessischer-maerchentag.de\/index.php?rest_route=\/wp\/v2\/posts\/353\/revisions\/1026"}],"wp:attachment":[{"href":"http:\/\/hessischer-maerchentag.de\/index.php?rest_route=%2Fwp%2Fv2%2Fmedia&parent=353"}],"wp:term":[{"taxonomy":"category","embeddable":true,"href":"http:\/\/hessischer-maerchentag.de\/index.php?rest_route=%2Fwp%2Fv2%2Fcategories&post=353"},{"taxonomy":"post_tag","embeddable":true,"href":"http:\/\/hessischer-maerchentag.de\/index.php?rest_route=%2Fwp%2Fv2%2Ftags&post=353"}],"curies":[{"name":"wp","href":"https:\/\/api.w.org\/{rel}","templated":true}]}}