{"id":175,"date":"2026-03-31T14:10:33","date_gmt":"2026-03-31T12:10:33","guid":{"rendered":"http:\/\/hessischer-maerchentag.de\/?p=175"},"modified":"2026-03-31T14:10:33","modified_gmt":"2026-03-31T12:10:33","slug":"175","status":"publish","type":"post","link":"http:\/\/hessischer-maerchentag.de\/?p=175","title":{"rendered":"Infos"},"content":{"rendered":"\n<div class=\"wp-block-columns are-vertically-aligned-center is-layout-flex wp-container-core-columns-is-layout-9d6595d7 wp-block-columns-is-layout-flex\">\n<div class=\"wp-block-column is-layout-flow wp-block-column-is-layout-flow\" style=\"flex-basis:100%\">\n<p><strong>26. Hessischer M\u00e4rchentag am 14. Mai 2026: Ein magischer Familienausflug<\/strong><\/p>\n\n\n\n<figure class=\"wp-block-image size-full is-resized\"><a href=\"http:\/\/hessischer-maerchentag.de\/wp-content\/uploads\/2025\/04\/Bender_Maerchentag_2026_mit_Datum.jpg\"><img loading=\"lazy\" decoding=\"async\" width=\"933\" height=\"918\" src=\"http:\/\/hessischer-maerchentag.de\/wp-content\/uploads\/2025\/04\/Bender_Maerchentag_2026_mit_Datum.jpg\" alt=\"\" class=\"wp-image-1003\" style=\"width:383px;height:auto\" srcset=\"http:\/\/hessischer-maerchentag.de\/wp-content\/uploads\/2025\/04\/Bender_Maerchentag_2026_mit_Datum.jpg 933w, http:\/\/hessischer-maerchentag.de\/wp-content\/uploads\/2025\/04\/Bender_Maerchentag_2026_mit_Datum-300x295.jpg 300w, http:\/\/hessischer-maerchentag.de\/wp-content\/uploads\/2025\/04\/Bender_Maerchentag_2026_mit_Datum-768x756.jpg 768w\" sizes=\"auto, (max-width: 933px) 100vw, 933px\" \/><\/a><\/figure>\n\n\n\n<p>Kinder, Jugendliche und Familien aufgepasst! Der 26. Hessische M\u00e4rchentag \u00f6ffnet seine Tore f\u00fcr ein spektakul\u00e4res Fest, das die Herzen von Jung und Alt h\u00f6herschlagen l\u00e4sst und bei dem M\u00e4rchen und Abenteuer nicht nur erz\u00e4hlt, sondern gelebt werden.<\/p>\n\n\n\n<p>An diesem besonderen Tag verwandelt sich die Festwiese, der Schulhof und die Sporthalle in Wi\u00dfmar in ein m\u00e4rchenhaftes K\u00f6nigreich voller Geschichten, Magie und Spa\u00df f\u00fcr alle.<\/p>\n\n\n\n<p>Wir laden euch daher herzlich zu einem unvergesslichen Erlebnis in die Welt der Fantasie und Abenteuer ein.<\/p>\n\n\n\n<p>Von 11 bis 17 Uhr k\u00f6nnt ihr in eine Welt eintauchen, in der M\u00e4rchen zum Leben erwachen. Freut euch auf eine Vielzahl von Attraktionen und Aktivit\u00e4ten und erlebt m\u00e4rchenhafte Momente, die die Fantasie befl\u00fcgeln und f\u00fcr unvergessliche Erlebnisse sorgen:<\/p>\n\n\n\n<p><strong>Theaterauff\u00fchrungen<\/strong>: Lasst euch von den Darbietungen des L\u2019una Theaters, des Sammelsuriums Wettenberg und des Busecker Papiertheaters \u201eKleine Auszeit\u201c in den Bann ziehen, bei denen sowohl bekannte und beliebte M\u00e4rchenfiguren als auch Charaktere aus selbstgeschriebenen M\u00e4rchen vor Ihren Augen lebendig werden.<\/p>\n\n\n\n<p><strong>Musiker und Seilartistik:<\/strong> F\u00fcr die passende m\u00e4rchenhafte Stimmung sorgt au\u00dferdem Kinderliedermacher Thomas Koppe sowie die Seilartistik-Gruppe \u201eDie Luftgaukler\u201c, mit deren Hilfe interessierte Besuchende selbst in die Kunst des Seiltanzes schnuppern k\u00f6nnen.<\/p>\n\n\n\n<p><strong>Geschichtenerz\u00e4hlerin:<\/strong> Lauscht im \u201eM\u00e4rchentipi\u201c alten und neuen M\u00e4rchen und seid dabei, wenn eure liebsten Geschichten in die sch\u00f6nsten Worte gefasst werden.<\/p>\n\n\n\n<p><strong>M\u00e4rchenfiguren: <\/strong>Trefft eure liebsten M\u00e4rchencharaktere, macht zusammen mit ihnen Fotos oder holt euch ein Autogramm.<\/p>\n\n\n\n<p><strong>Kinderschminken:<\/strong> Beim Kinderschminken werdet ihr in eure Lieblingsm\u00e4rchenfiguren verwandelt.<\/p>\n\n\n\n<p><strong>Hobby Horsing mit den Wettenberger Pferdesportfreunden:<\/strong> F\u00fcr alle Pferde- und Ponyfans gibt es in diesem Jahr eine absolute Neuheit, n\u00e4mlich Hobby Horsing. Beim Trendsport&nbsp;<strong>Hobby Horsing<\/strong>&nbsp;steht das Steckenpferd im Mittelpunkt. In Rollenspielen stellen Kinder ab 3 Jahren dabei das Springreiten, die Dressur oder das Leben auf dem Pferdehof nach, verbinden so Kreativit\u00e4t mit Bewegung und werden spielerisch an Pferde und den Reitsport herangef\u00fchrt. Auf dem 26. Hessischen M\u00e4rchentag gibt es nun die M\u00f6glichkeit, ein eigenes Hobby Horse zu basteln und danach in einem Parcours um die Wette zu galoppieren.<\/p>\n\n\n\n<p><strong>H\u00fcpfburg &amp; Riesenseifenblasen:<\/strong> Springt und tobt auf der riesigen 16m langen und 9m hohen XXL-Ritterh\u00fcpfburg und lasst euch von Riesenseifenblasen verzaubern.<\/p>\n\n\n\n<p><strong>Leckere Essensangebote: <\/strong>Entdeckt eine Vielzahl an Leckereien, die f\u00fcr jeden Geschmack etwas bieten.<\/p>\n\n\n\n<p>Der Hessische M\u00e4rchentag bietet nicht nur ein breites Spektrum an Aktivit\u00e4ten, sondern auch die M\u00f6glichkeit f\u00fcr einen tollen Familienausflug. Nutzen Sie die Picknickm\u00f6glichkeiten f\u00fcr eine entspannte Auszeit und genie\u00dft die zauberhafte Welt aus Musik, Darbietung und Beteiligung.<\/p>\n\n\n\n<p>Wir laden alle Familien ein, Teil dieses zauberhaften Tages zu werden und gemeinsam unvergessliche Erinnerungen zu schaffen. Bei 14 Attraktionen liegt der Eintrittspreis pro Person bei nur 5\u20ac (ab 3 Jahren). Es gibt drei Eingangsbereiche, damit lange Warteschlagen vermieden werden.<\/p>\n\n\n\n<p>Wir freuen uns auf euch!<\/p>\n<\/div>\n<\/div>\n\n\n\n<div class=\"wp-block-columns is-layout-flex wp-container-core-columns-is-layout-9d6595d7 wp-block-columns-is-layout-flex\">\n<div class=\"wp-block-column is-layout-flow wp-block-column-is-layout-flow\"><\/div>\n<\/div>\n\n\n\n<p><\/p>\n\n\n\n<figure class=\"wp-block-image size-full\"><a href=\"http:\/\/hessischer-maerchentag.de\/wp-content\/uploads\/2025\/04\/m1-ank.-maerchentag-wissm.-14.05.2025.jpg.webp\"><img loading=\"lazy\" decoding=\"async\" width=\"960\" height=\"480\" src=\"http:\/\/hessischer-maerchentag.de\/wp-content\/uploads\/2025\/04\/m1-ank.-maerchentag-wissm.-14.05.2025.jpg.webp\" alt=\"\" class=\"wp-image-1004\" srcset=\"http:\/\/hessischer-maerchentag.de\/wp-content\/uploads\/2025\/04\/m1-ank.-maerchentag-wissm.-14.05.2025.jpg.webp 960w, http:\/\/hessischer-maerchentag.de\/wp-content\/uploads\/2025\/04\/m1-ank.-maerchentag-wissm.-14.05.2025.jpg-300x150.webp 300w, http:\/\/hessischer-maerchentag.de\/wp-content\/uploads\/2025\/04\/m1-ank.-maerchentag-wissm.-14.05.2025.jpg-768x384.webp 768w\" sizes=\"auto, (max-width: 960px) 100vw, 960px\" \/><\/a><\/figure>\n\n\n\n<p><\/p>\n","protected":false},"excerpt":{"rendered":"<p>26. Hessischer M\u00e4rchentag am 14. Mai 2026: Ein magischer Familienausflug Kinder, Jugendliche und Familien aufgepasst! Der 26. Hessische M\u00e4rchentag \u00f6ffnet seine Tore f\u00fcr ein spektakul\u00e4res Fest, das die Herzen von Jung und Alt h\u00f6herschlagen l\u00e4sst und bei dem M\u00e4rchen und [&hellip;]<\/p>\n","protected":false},"author":5,"featured_media":0,"comment_status":"closed","ping_status":"closed","sticky":true,"template":"","format":"standard","meta":{"footnotes":""},"categories":[8],"tags":[],"class_list":["post-175","post","type-post","status-publish","format-standard","hentry","category-startseite"],"_links":{"self":[{"href":"http:\/\/hessischer-maerchentag.de\/index.php?rest_route=\/wp\/v2\/posts\/175","targetHints":{"allow":["GET"]}}],"collection":[{"href":"http:\/\/hessischer-maerchentag.de\/index.php?rest_route=\/wp\/v2\/posts"}],"about":[{"href":"http:\/\/hessischer-maerchentag.de\/index.php?rest_route=\/wp\/v2\/types\/post"}],"author":[{"embeddable":true,"href":"http:\/\/hessischer-maerchentag.de\/index.php?rest_route=\/wp\/v2\/users\/5"}],"replies":[{"embeddable":true,"href":"http:\/\/hessischer-maerchentag.de\/index.php?rest_route=%2Fwp%2Fv2%2Fcomments&post=175"}],"version-history":[{"count":87,"href":"http:\/\/hessischer-maerchentag.de\/index.php?rest_route=\/wp\/v2\/posts\/175\/revisions"}],"predecessor-version":[{"id":1005,"href":"http:\/\/hessischer-maerchentag.de\/index.php?rest_route=\/wp\/v2\/posts\/175\/revisions\/1005"}],"wp:attachment":[{"href":"http:\/\/hessischer-maerchentag.de\/index.php?rest_route=%2Fwp%2Fv2%2Fmedia&parent=175"}],"wp:term":[{"taxonomy":"category","embeddable":true,"href":"http:\/\/hessischer-maerchentag.de\/index.php?rest_route=%2Fwp%2Fv2%2Fcategories&post=175"},{"taxonomy":"post_tag","embeddable":true,"href":"http:\/\/hessischer-maerchentag.de\/index.php?rest_route=%2Fwp%2Fv2%2Ftags&post=175"}],"curies":[{"name":"wp","href":"https:\/\/api.w.org\/{rel}","templated":true}]}}